{"id":115,"date":"2020-08-18T15:50:56","date_gmt":"2020-08-18T14:50:56","guid":{"rendered":"http:\/\/wp.perek.it\/?p=115"},"modified":"2021-11-02T11:58:20","modified_gmt":"2021-11-02T10:58:20","slug":"hamownia-perek-w-tvn-turbo","status":"publish","type":"post","link":"https:\/\/perek.it\/pl\/hamownia-perek-w-tvn-turbo\/","title":{"rendered":"Hamownia PEREK w TVN Turbo"},"content":{"rendered":"\n<p>Warsztat Ecumaster, odwiedzi\u0142 wsp\u00f3\u0142prowadz\u0105cy program motoryzacyjny <a href=\"https:\/\/player.pl\/programy-online\/klimek-kontra-duda-odcinki,17821\/odcinek-10,S01E10,134546\">&#8222;Klimek Kontra Duda&#8221;<\/a>, Grzegorz Duda.<br>Grze\u015bka nie trzeba nikomu przedstawia\u0107, fani motoryzacji znaj\u0105 go z program\u00f3w 101 napraw i Gara\u017c Dudy. Artur Kisielwski, obs\u0142uguj\u0105cy hamowni\u0119 PEREK, mia\u0142 przyjemno\u015b\u0107 pom\u00f3c Grze\u015bkowi w przygotowaniu Mini do pojedynku z Adamem Klimkiem.<\/p>\n\n\n\n<p class=\"has-large-font-size\">Odwiedzenie hamowni stworzonej przez Perek Dyno, strojenie auta i wgranie sportowych map, by\u0142o wisienk\u0105 na torcie w przygotowaniu Mini do ostatecznego starcia z autem Adama Klimka.<\/p>\n\n\n\n<p>Ciekawi, kto wygra\u0142 i czy silnik na hamowni nie wybuch\u0142? Zapraszamy do ogl\u0105dania <a href=\"https:\/\/player.pl\/programy-online\/klimek-kontra-duda-odcinki,17821\/odcinek-10,S01E10,134546\">Klimek kontra Duda &#8211; odc. 10 sez. 1.<\/a><\/p>\n\n\n\n<figure class=\"wp-block-gallery columns-3 is-cropped wp-block-gallery-1 is-layout-flex wp-block-gallery-is-layout-flex\"><ul class=\"blocks-gallery-grid\"><li class=\"blocks-gallery-item\"><figure><img loading=\"lazy\" decoding=\"async\" width=\"1024\" height=\"683\" src=\"http:\/\/wp.perek.it\/wp-content\/uploads\/2020\/08\/PEREK-hamownia-Grzegorz-Duda-TVN-TURBO-0001-1024x683.jpg\" alt=\"\" data-id=\"116\" data-full-url=\"http:\/\/wp.perek.it\/wp-content\/uploads\/2020\/08\/PEREK-hamownia-Grzegorz-Duda-TVN-TURBO-0001-scaled.jpg\" data-link=\"http:\/\/wp.perek.it\/?attachment_id=116\" class=\"wp-image-116\" srcset=\"https:\/\/perek.it\/wp-content\/uploads\/2020\/08\/PEREK-hamownia-Grzegorz-Duda-TVN-TURBO-0001-1024x683.jpg 1024w, https:\/\/perek.it\/wp-content\/uploads\/2020\/08\/PEREK-hamownia-Grzegorz-Duda-TVN-TURBO-0001-300x200.jpg 300w, https:\/\/perek.it\/wp-content\/uploads\/2020\/08\/PEREK-hamownia-Grzegorz-Duda-TVN-TURBO-0001-768x512.jpg 768w, https:\/\/perek.it\/wp-content\/uploads\/2020\/08\/PEREK-hamownia-Grzegorz-Duda-TVN-TURBO-0001-1536x1024.jpg 1536w, https:\/\/perek.it\/wp-content\/uploads\/2020\/08\/PEREK-hamownia-Grzegorz-Duda-TVN-TURBO-0001-2048x1365.jpg 2048w, https:\/\/perek.it\/wp-content\/uploads\/2020\/08\/PEREK-hamownia-Grzegorz-Duda-TVN-TURBO-0001-1200x800.jpg 1200w, https:\/\/perek.it\/wp-content\/uploads\/2020\/08\/PEREK-hamownia-Grzegorz-Duda-TVN-TURBO-0001-1980x1320.jpg 1980w, https:\/\/perek.it\/wp-content\/uploads\/2020\/08\/PEREK-hamownia-Grzegorz-Duda-TVN-TURBO-0001-600x400.jpg 600w\" sizes=\"auto, (max-width: 1024px) 100vw, 1024px\" \/><\/figure><\/li><li class=\"blocks-gallery-item\"><figure><img loading=\"lazy\" decoding=\"async\" width=\"1024\" height=\"683\" src=\"http:\/\/wp.perek.it\/wp-content\/uploads\/2020\/08\/PEREK-hamownia-Grzegorz-Duda-TVN-TURBO-0002-1024x683.jpg\" alt=\"\" data-id=\"118\" data-full-url=\"http:\/\/wp.perek.it\/wp-content\/uploads\/2020\/08\/PEREK-hamownia-Grzegorz-Duda-TVN-TURBO-0002-scaled.jpg\" data-link=\"http:\/\/wp.perek.it\/?attachment_id=118\" class=\"wp-image-118\" srcset=\"https:\/\/perek.it\/wp-content\/uploads\/2020\/08\/PEREK-hamownia-Grzegorz-Duda-TVN-TURBO-0002-1024x683.jpg 1024w, https:\/\/perek.it\/wp-content\/uploads\/2020\/08\/PEREK-hamownia-Grzegorz-Duda-TVN-TURBO-0002-300x200.jpg 300w, https:\/\/perek.it\/wp-content\/uploads\/2020\/08\/PEREK-hamownia-Grzegorz-Duda-TVN-TURBO-0002-768x512.jpg 768w, https:\/\/perek.it\/wp-content\/uploads\/2020\/08\/PEREK-hamownia-Grzegorz-Duda-TVN-TURBO-0002-1536x1024.jpg 1536w, https:\/\/perek.it\/wp-content\/uploads\/2020\/08\/PEREK-hamownia-Grzegorz-Duda-TVN-TURBO-0002-2048x1365.jpg 2048w, https:\/\/perek.it\/wp-content\/uploads\/2020\/08\/PEREK-hamownia-Grzegorz-Duda-TVN-TURBO-0002-1200x800.jpg 1200w, https:\/\/perek.it\/wp-content\/uploads\/2020\/08\/PEREK-hamownia-Grzegorz-Duda-TVN-TURBO-0002-1980x1320.jpg 1980w, https:\/\/perek.it\/wp-content\/uploads\/2020\/08\/PEREK-hamownia-Grzegorz-Duda-TVN-TURBO-0002-600x400.jpg 600w\" sizes=\"auto, (max-width: 1024px) 100vw, 1024px\" \/><\/figure><\/li><li class=\"blocks-gallery-item\"><figure><img loading=\"lazy\" decoding=\"async\" width=\"1024\" height=\"683\" src=\"http:\/\/wp.perek.it\/wp-content\/uploads\/2020\/08\/PEREK-hamownia-Grzegorz-Duda-TVN-TURBO-0003-1024x683.jpg\" alt=\"\" data-id=\"120\" data-full-url=\"http:\/\/wp.perek.it\/wp-content\/uploads\/2020\/08\/PEREK-hamownia-Grzegorz-Duda-TVN-TURBO-0003-scaled.jpg\" data-link=\"http:\/\/wp.perek.it\/?attachment_id=120\" class=\"wp-image-120\" srcset=\"https:\/\/perek.it\/wp-content\/uploads\/2020\/08\/PEREK-hamownia-Grzegorz-Duda-TVN-TURBO-0003-1024x683.jpg 1024w, https:\/\/perek.it\/wp-content\/uploads\/2020\/08\/PEREK-hamownia-Grzegorz-Duda-TVN-TURBO-0003-300x200.jpg 300w, https:\/\/perek.it\/wp-content\/uploads\/2020\/08\/PEREK-hamownia-Grzegorz-Duda-TVN-TURBO-0003-768x512.jpg 768w, https:\/\/perek.it\/wp-content\/uploads\/2020\/08\/PEREK-hamownia-Grzegorz-Duda-TVN-TURBO-0003-1536x1024.jpg 1536w, https:\/\/perek.it\/wp-content\/uploads\/2020\/08\/PEREK-hamownia-Grzegorz-Duda-TVN-TURBO-0003-2048x1365.jpg 2048w, https:\/\/perek.it\/wp-content\/uploads\/2020\/08\/PEREK-hamownia-Grzegorz-Duda-TVN-TURBO-0003-1200x800.jpg 1200w, https:\/\/perek.it\/wp-content\/uploads\/2020\/08\/PEREK-hamownia-Grzegorz-Duda-TVN-TURBO-0003-1980x1320.jpg 1980w, https:\/\/perek.it\/wp-content\/uploads\/2020\/08\/PEREK-hamownia-Grzegorz-Duda-TVN-TURBO-0003-600x400.jpg 600w\" sizes=\"auto, (max-width: 1024px) 100vw, 1024px\" \/><\/figure><\/li><li class=\"blocks-gallery-item\"><figure><img loading=\"lazy\" decoding=\"async\" width=\"1024\" height=\"683\" src=\"http:\/\/wp.perek.it\/wp-content\/uploads\/2020\/08\/PEREK-hamownia-Grzegorz-Duda-TVN-TURBO-0004-1024x683.jpg\" alt=\"\" data-id=\"122\" data-full-url=\"http:\/\/wp.perek.it\/wp-content\/uploads\/2020\/08\/PEREK-hamownia-Grzegorz-Duda-TVN-TURBO-0004-scaled.jpg\" data-link=\"http:\/\/wp.perek.it\/?attachment_id=122\" class=\"wp-image-122\" srcset=\"https:\/\/perek.it\/wp-content\/uploads\/2020\/08\/PEREK-hamownia-Grzegorz-Duda-TVN-TURBO-0004-1024x683.jpg 1024w, https:\/\/perek.it\/wp-content\/uploads\/2020\/08\/PEREK-hamownia-Grzegorz-Duda-TVN-TURBO-0004-300x200.jpg 300w, https:\/\/perek.it\/wp-content\/uploads\/2020\/08\/PEREK-hamownia-Grzegorz-Duda-TVN-TURBO-0004-768x512.jpg 768w, https:\/\/perek.it\/wp-content\/uploads\/2020\/08\/PEREK-hamownia-Grzegorz-Duda-TVN-TURBO-0004-1536x1024.jpg 1536w, https:\/\/perek.it\/wp-content\/uploads\/2020\/08\/PEREK-hamownia-Grzegorz-Duda-TVN-TURBO-0004-2048x1365.jpg 2048w, https:\/\/perek.it\/wp-content\/uploads\/2020\/08\/PEREK-hamownia-Grzegorz-Duda-TVN-TURBO-0004-1200x800.jpg 1200w, https:\/\/perek.it\/wp-content\/uploads\/2020\/08\/PEREK-hamownia-Grzegorz-Duda-TVN-TURBO-0004-1980x1320.jpg 1980w, https:\/\/perek.it\/wp-content\/uploads\/2020\/08\/PEREK-hamownia-Grzegorz-Duda-TVN-TURBO-0004-600x400.jpg 600w\" sizes=\"auto, (max-width: 1024px) 100vw, 1024px\" \/><\/figure><\/li><li class=\"blocks-gallery-item\"><figure><img loading=\"lazy\" decoding=\"async\" width=\"1024\" height=\"683\" src=\"http:\/\/wp.perek.it\/wp-content\/uploads\/2020\/08\/PEREK-hamownia-Grzegorz-Duda-TVN-TURBO-0005-1024x683.jpg\" alt=\"\" data-id=\"124\" data-full-url=\"http:\/\/wp.perek.it\/wp-content\/uploads\/2020\/08\/PEREK-hamownia-Grzegorz-Duda-TVN-TURBO-0005-scaled.jpg\" data-link=\"http:\/\/wp.perek.it\/?attachment_id=124\" class=\"wp-image-124\" srcset=\"https:\/\/perek.it\/wp-content\/uploads\/2020\/08\/PEREK-hamownia-Grzegorz-Duda-TVN-TURBO-0005-1024x683.jpg 1024w, https:\/\/perek.it\/wp-content\/uploads\/2020\/08\/PEREK-hamownia-Grzegorz-Duda-TVN-TURBO-0005-300x200.jpg 300w, https:\/\/perek.it\/wp-content\/uploads\/2020\/08\/PEREK-hamownia-Grzegorz-Duda-TVN-TURBO-0005-768x512.jpg 768w, https:\/\/perek.it\/wp-content\/uploads\/2020\/08\/PEREK-hamownia-Grzegorz-Duda-TVN-TURBO-0005-1536x1024.jpg 1536w, https:\/\/perek.it\/wp-content\/uploads\/2020\/08\/PEREK-hamownia-Grzegorz-Duda-TVN-TURBO-0005-2048x1365.jpg 2048w, https:\/\/perek.it\/wp-content\/uploads\/2020\/08\/PEREK-hamownia-Grzegorz-Duda-TVN-TURBO-0005-1200x800.jpg 1200w, https:\/\/perek.it\/wp-content\/uploads\/2020\/08\/PEREK-hamownia-Grzegorz-Duda-TVN-TURBO-0005-1980x1320.jpg 1980w, https:\/\/perek.it\/wp-content\/uploads\/2020\/08\/PEREK-hamownia-Grzegorz-Duda-TVN-TURBO-0005-600x400.jpg 600w\" sizes=\"auto, (max-width: 1024px) 100vw, 1024px\" \/><\/figure><\/li><li class=\"blocks-gallery-item\"><figure><img loading=\"lazy\" decoding=\"async\" width=\"1024\" height=\"683\" src=\"http:\/\/wp.perek.it\/wp-content\/uploads\/2020\/08\/PEREK-hamownia-Grzegorz-Duda-TVN-TURBO-0006-1024x683.jpg\" alt=\"\" data-id=\"126\" data-full-url=\"http:\/\/wp.perek.it\/wp-content\/uploads\/2020\/08\/PEREK-hamownia-Grzegorz-Duda-TVN-TURBO-0006-scaled.jpg\" data-link=\"http:\/\/wp.perek.it\/?attachment_id=126\" class=\"wp-image-126\" srcset=\"https:\/\/perek.it\/wp-content\/uploads\/2020\/08\/PEREK-hamownia-Grzegorz-Duda-TVN-TURBO-0006-1024x683.jpg 1024w, https:\/\/perek.it\/wp-content\/uploads\/2020\/08\/PEREK-hamownia-Grzegorz-Duda-TVN-TURBO-0006-300x200.jpg 300w, https:\/\/perek.it\/wp-content\/uploads\/2020\/08\/PEREK-hamownia-Grzegorz-Duda-TVN-TURBO-0006-768x512.jpg 768w, https:\/\/perek.it\/wp-content\/uploads\/2020\/08\/PEREK-hamownia-Grzegorz-Duda-TVN-TURBO-0006-1536x1024.jpg 1536w, https:\/\/perek.it\/wp-content\/uploads\/2020\/08\/PEREK-hamownia-Grzegorz-Duda-TVN-TURBO-0006-2048x1365.jpg 2048w, https:\/\/perek.it\/wp-content\/uploads\/2020\/08\/PEREK-hamownia-Grzegorz-Duda-TVN-TURBO-0006-1200x800.jpg 1200w, https:\/\/perek.it\/wp-content\/uploads\/2020\/08\/PEREK-hamownia-Grzegorz-Duda-TVN-TURBO-0006-1980x1320.jpg 1980w, https:\/\/perek.it\/wp-content\/uploads\/2020\/08\/PEREK-hamownia-Grzegorz-Duda-TVN-TURBO-0006-600x400.jpg 600w\" sizes=\"auto, (max-width: 1024px) 100vw, 1024px\" \/><\/figure><\/li><li class=\"blocks-gallery-item\"><figure><img loading=\"lazy\" decoding=\"async\" width=\"1024\" height=\"683\" src=\"http:\/\/wp.perek.it\/wp-content\/uploads\/2020\/08\/PEREK-hamownia-Grzegorz-Duda-TVN-TURBO-0007-1024x683.jpg\" alt=\"\" data-id=\"128\" data-full-url=\"http:\/\/wp.perek.it\/wp-content\/uploads\/2020\/08\/PEREK-hamownia-Grzegorz-Duda-TVN-TURBO-0007-scaled.jpg\" data-link=\"http:\/\/wp.perek.it\/?attachment_id=128\" class=\"wp-image-128\" srcset=\"https:\/\/perek.it\/wp-content\/uploads\/2020\/08\/PEREK-hamownia-Grzegorz-Duda-TVN-TURBO-0007-1024x683.jpg 1024w, https:\/\/perek.it\/wp-content\/uploads\/2020\/08\/PEREK-hamownia-Grzegorz-Duda-TVN-TURBO-0007-300x200.jpg 300w, https:\/\/perek.it\/wp-content\/uploads\/2020\/08\/PEREK-hamownia-Grzegorz-Duda-TVN-TURBO-0007-768x512.jpg 768w, https:\/\/perek.it\/wp-content\/uploads\/2020\/08\/PEREK-hamownia-Grzegorz-Duda-TVN-TURBO-0007-1536x1024.jpg 1536w, https:\/\/perek.it\/wp-content\/uploads\/2020\/08\/PEREK-hamownia-Grzegorz-Duda-TVN-TURBO-0007-2048x1365.jpg 2048w, https:\/\/perek.it\/wp-content\/uploads\/2020\/08\/PEREK-hamownia-Grzegorz-Duda-TVN-TURBO-0007-1200x800.jpg 1200w, https:\/\/perek.it\/wp-content\/uploads\/2020\/08\/PEREK-hamownia-Grzegorz-Duda-TVN-TURBO-0007-1980x1320.jpg 1980w, https:\/\/perek.it\/wp-content\/uploads\/2020\/08\/PEREK-hamownia-Grzegorz-Duda-TVN-TURBO-0007-600x400.jpg 600w\" sizes=\"auto, (max-width: 1024px) 100vw, 1024px\" \/><\/figure><\/li><\/ul><figcaption class=\"blocks-gallery-caption\">Grzegorz Duda i hamownia PEREK w TVN Turbo<\/figcaption><\/figure>\n\n\n\n<p><\/p>\n","protected":false},"excerpt":{"rendered":"<p>Warsztat Ecumaster, odwiedzi\u0142 wsp\u00f3\u0142prowadz\u0105cy program motoryzacyjny &#8222;Klimek Kontra Duda&#8221;, Grzegorz Duda.Grze\u015bka nie trzeba nikomu przedstawia\u0107, fani motoryzacji znaj\u0105 go z program\u00f3w 101 napraw i Gara\u017c Dudy. Artur Kisielwski, obs\u0142uguj\u0105cy hamowni\u0119 PEREK, mia\u0142 przyjemno\u015b\u0107 pom\u00f3c Grze\u015bkowi w przygotowaniu Mini do pojedynku z Adamem Klimkiem. Odwiedzenie hamowni stworzonej przez Perek Dyno, strojenie auta i wgranie sportowych map, [&hellip;]<\/p>\n","protected":false},"author":1,"featured_media":125,"comment_status":"open","ping_status":"open","sticky":false,"template":"","format":"standard","meta":{"site-sidebar-layout":"default","site-content-layout":"","ast-site-content-layout":"default","site-content-style":"default","site-sidebar-style":"default","ast-global-header-display":"","ast-banner-title-visibility":"","ast-main-header-display":"","ast-hfb-above-header-display":"","ast-hfb-below-header-display":"","ast-hfb-mobile-header-display":"","site-post-title":"","ast-breadcrumbs-content":"","ast-featured-img":"","footer-sml-layout":"","ast-disable-related-posts":"","theme-transparent-header-meta":"","adv-header-id-meta":"","stick-header-meta":"","header-above-stick-meta":"","header-main-stick-meta":"","header-below-stick-meta":"","astra-migrate-meta-layouts":"default","ast-page-background-enabled":"default","ast-page-background-meta":{"desktop":{"background-color":"var(--ast-global-color-4)","background-image":"","background-repeat":"repeat","background-position":"center center","background-size":"auto","background-attachment":"scroll","background-type":"","background-media":"","overlay-type":"","overlay-color":"","overlay-opacity":"","overlay-gradient":""},"tablet":{"background-color":"","background-image":"","background-repeat":"repeat","background-position":"center center","background-size":"auto","background-attachment":"scroll","background-type":"","background-media":"","overlay-type":"","overlay-color":"","overlay-opacity":"","overlay-gradient":""},"mobile":{"background-color":"","background-image":"","background-repeat":"repeat","background-position":"center center","background-size":"auto","background-attachment":"scroll","background-type":"","background-media":"","overlay-type":"","overlay-color":"","overlay-opacity":"","overlay-gradient":""}},"ast-content-background-meta":{"desktop":{"background-color":"var(--ast-global-color-5)","background-image":"","background-repeat":"repeat","background-position":"center center","background-size":"auto","background-attachment":"scroll","background-type":"","background-media":"","overlay-type":"","overlay-color":"","overlay-opacity":"","overlay-gradient":""},"tablet":{"background-color":"var(--ast-global-color-5)","background-image":"","background-repeat":"repeat","background-position":"center center","background-size":"auto","background-attachment":"scroll","background-type":"","background-media":"","overlay-type":"","overlay-color":"","overlay-opacity":"","overlay-gradient":""},"mobile":{"background-color":"var(--ast-global-color-5)","background-image":"","background-repeat":"repeat","background-position":"center center","background-size":"auto","background-attachment":"scroll","background-type":"","background-media":"","overlay-type":"","overlay-color":"","overlay-opacity":"","overlay-gradient":""}},"footnotes":""},"categories":[34],"tags":[],"class_list":["post-115","post","type-post","status-publish","format-standard","has-post-thumbnail","hentry","category-blog-pl"],"yoast_head":"<!-- This site is optimized with the Yoast SEO plugin v27.5 - https:\/\/yoast.com\/product\/yoast-seo-wordpress\/ -->\n<title>Hamownia PEREK w TVN Turbo - PEREK<\/title>\n<meta name=\"description\" content=\"Wizyta Grzegorza Dudy i ekipy TVN Turbo na hamowni PEREK.\" \/>\n<meta name=\"robots\" content=\"index, follow, max-snippet:-1, max-image-preview:large, max-video-preview:-1\" \/>\n<link rel=\"canonical\" href=\"https:\/\/perek.it\/pl\/hamownia-perek-w-tvn-turbo\/\" \/>\n<meta property=\"og:locale\" content=\"pl_PL\" \/>\n<meta property=\"og:type\" content=\"article\" \/>\n<meta property=\"og:title\" content=\"Hamownia PEREK w TVN Turbo - PEREK\" \/>\n<meta property=\"og:description\" content=\"Wizyta Grzegorza Dudy i ekipy TVN Turbo na hamowni PEREK.\" \/>\n<meta property=\"og:url\" content=\"https:\/\/perek.it\/pl\/hamownia-perek-w-tvn-turbo\/\" \/>\n<meta property=\"og:site_name\" content=\"PEREK\" \/>\n<meta property=\"article:published_time\" content=\"2020-08-18T14:50:56+00:00\" \/>\n<meta property=\"article:modified_time\" content=\"2021-11-02T10:58:20+00:00\" \/>\n<meta property=\"og:image\" content=\"https:\/\/perek.it\/wp-content\/uploads\/2020\/08\/PEREK-hamownia-Grzegorz-Duda-TVN-TURBO-0005-scaled.jpg\" \/>\n\t<meta property=\"og:image:width\" content=\"2560\" \/>\n\t<meta property=\"og:image:height\" content=\"1707\" \/>\n\t<meta property=\"og:image:type\" content=\"image\/jpeg\" \/>\n<meta name=\"author\" content=\"Ronald Perek\" \/>\n<meta name=\"twitter:card\" content=\"summary_large_image\" \/>\n<meta name=\"twitter:label1\" content=\"Napisane przez\" \/>\n\t<meta name=\"twitter:data1\" content=\"Ronald Perek\" \/>\n\t<meta name=\"twitter:label2\" content=\"Szacowany czas czytania\" \/>\n\t<meta name=\"twitter:data2\" content=\"2 minuty\" \/>\n<script type=\"application\/ld+json\" class=\"yoast-schema-graph\">{\"@context\":\"https:\\\/\\\/schema.org\",\"@graph\":[{\"@type\":\"Article\",\"@id\":\"https:\\\/\\\/perek.it\\\/pl\\\/hamownia-perek-w-tvn-turbo\\\/#article\",\"isPartOf\":{\"@id\":\"https:\\\/\\\/perek.it\\\/pl\\\/hamownia-perek-w-tvn-turbo\\\/\"},\"author\":{\"name\":\"Ronald Perek\",\"@id\":\"https:\\\/\\\/perek.it\\\/pl\\\/#\\\/schema\\\/person\\\/b23e557a9a1b2a51cbccd7136a5ea9dc\"},\"headline\":\"Hamownia PEREK w TVN Turbo\",\"datePublished\":\"2020-08-18T14:50:56+00:00\",\"dateModified\":\"2021-11-02T10:58:20+00:00\",\"mainEntityOfPage\":{\"@id\":\"https:\\\/\\\/perek.it\\\/pl\\\/hamownia-perek-w-tvn-turbo\\\/\"},\"wordCount\":111,\"commentCount\":0,\"publisher\":{\"@id\":\"https:\\\/\\\/perek.it\\\/pl\\\/#organization\"},\"image\":{\"@id\":\"https:\\\/\\\/perek.it\\\/pl\\\/hamownia-perek-w-tvn-turbo\\\/#primaryimage\"},\"thumbnailUrl\":\"https:\\\/\\\/perek.it\\\/wp-content\\\/uploads\\\/2020\\\/08\\\/PEREK-hamownia-Grzegorz-Duda-TVN-TURBO-0005-scaled.jpg\",\"articleSection\":[\"Blog\"],\"inLanguage\":\"pl-PL\"},{\"@type\":\"WebPage\",\"@id\":\"https:\\\/\\\/perek.it\\\/pl\\\/hamownia-perek-w-tvn-turbo\\\/\",\"url\":\"https:\\\/\\\/perek.it\\\/pl\\\/hamownia-perek-w-tvn-turbo\\\/\",\"name\":\"Hamownia PEREK w TVN Turbo - PEREK\",\"isPartOf\":{\"@id\":\"https:\\\/\\\/perek.it\\\/pl\\\/#website\"},\"primaryImageOfPage\":{\"@id\":\"https:\\\/\\\/perek.it\\\/pl\\\/hamownia-perek-w-tvn-turbo\\\/#primaryimage\"},\"image\":{\"@id\":\"https:\\\/\\\/perek.it\\\/pl\\\/hamownia-perek-w-tvn-turbo\\\/#primaryimage\"},\"thumbnailUrl\":\"https:\\\/\\\/perek.it\\\/wp-content\\\/uploads\\\/2020\\\/08\\\/PEREK-hamownia-Grzegorz-Duda-TVN-TURBO-0005-scaled.jpg\",\"datePublished\":\"2020-08-18T14:50:56+00:00\",\"dateModified\":\"2021-11-02T10:58:20+00:00\",\"description\":\"Wizyta Grzegorza Dudy i ekipy TVN Turbo na hamowni PEREK.\",\"breadcrumb\":{\"@id\":\"https:\\\/\\\/perek.it\\\/pl\\\/hamownia-perek-w-tvn-turbo\\\/#breadcrumb\"},\"inLanguage\":\"pl-PL\",\"potentialAction\":[{\"@type\":\"ReadAction\",\"target\":[\"https:\\\/\\\/perek.it\\\/pl\\\/hamownia-perek-w-tvn-turbo\\\/\"]}]},{\"@type\":\"ImageObject\",\"inLanguage\":\"pl-PL\",\"@id\":\"https:\\\/\\\/perek.it\\\/pl\\\/hamownia-perek-w-tvn-turbo\\\/#primaryimage\",\"url\":\"https:\\\/\\\/perek.it\\\/wp-content\\\/uploads\\\/2020\\\/08\\\/PEREK-hamownia-Grzegorz-Duda-TVN-TURBO-0005-scaled.jpg\",\"contentUrl\":\"https:\\\/\\\/perek.it\\\/wp-content\\\/uploads\\\/2020\\\/08\\\/PEREK-hamownia-Grzegorz-Duda-TVN-TURBO-0005-scaled.jpg\",\"width\":2560,\"height\":1707,\"caption\":\"Mini Grzegorza Dudy na hamowni PEREK\"},{\"@type\":\"BreadcrumbList\",\"@id\":\"https:\\\/\\\/perek.it\\\/pl\\\/hamownia-perek-w-tvn-turbo\\\/#breadcrumb\",\"itemListElement\":[{\"@type\":\"ListItem\",\"position\":1,\"name\":\"Home\",\"item\":\"https:\\\/\\\/perek.it\\\/pl\\\/\"},{\"@type\":\"ListItem\",\"position\":2,\"name\":\"Hamownia PEREK w TVN Turbo\"}]},{\"@type\":\"WebSite\",\"@id\":\"https:\\\/\\\/perek.it\\\/pl\\\/#website\",\"url\":\"https:\\\/\\\/perek.it\\\/pl\\\/\",\"name\":\"PEREK\",\"description\":\"Sterowniki hamowni i akcesoria\",\"publisher\":{\"@id\":\"https:\\\/\\\/perek.it\\\/pl\\\/#organization\"},\"potentialAction\":[{\"@type\":\"SearchAction\",\"target\":{\"@type\":\"EntryPoint\",\"urlTemplate\":\"https:\\\/\\\/perek.it\\\/pl\\\/?s={search_term_string}\"},\"query-input\":{\"@type\":\"PropertyValueSpecification\",\"valueRequired\":true,\"valueName\":\"search_term_string\"}}],\"inLanguage\":\"pl-PL\"},{\"@type\":\"Organization\",\"@id\":\"https:\\\/\\\/perek.it\\\/pl\\\/#organization\",\"name\":\"PEREK\",\"url\":\"https:\\\/\\\/perek.it\\\/pl\\\/\",\"logo\":{\"@type\":\"ImageObject\",\"inLanguage\":\"pl-PL\",\"@id\":\"https:\\\/\\\/perek.it\\\/pl\\\/#\\\/schema\\\/logo\\\/image\\\/\",\"url\":\"https:\\\/\\\/perek.it\\\/wp-content\\\/uploads\\\/2021\\\/07\\\/perek-logo-white.png\",\"contentUrl\":\"https:\\\/\\\/perek.it\\\/wp-content\\\/uploads\\\/2021\\\/07\\\/perek-logo-white.png\",\"width\":962,\"height\":207,\"caption\":\"PEREK\"},\"image\":{\"@id\":\"https:\\\/\\\/perek.it\\\/pl\\\/#\\\/schema\\\/logo\\\/image\\\/\"}},{\"@type\":\"Person\",\"@id\":\"https:\\\/\\\/perek.it\\\/pl\\\/#\\\/schema\\\/person\\\/b23e557a9a1b2a51cbccd7136a5ea9dc\",\"name\":\"Ronald Perek\",\"image\":{\"@type\":\"ImageObject\",\"inLanguage\":\"pl-PL\",\"@id\":\"\\\/\\\/perek.it\\\/wp-content\\\/uploads\\\/wpforo\\\/avatars\\\/ronperek_1.png\",\"url\":\"\\\/\\\/perek.it\\\/wp-content\\\/uploads\\\/wpforo\\\/avatars\\\/ronperek_1.png\",\"contentUrl\":\"\\\/\\\/perek.it\\\/wp-content\\\/uploads\\\/wpforo\\\/avatars\\\/ronperek_1.png\",\"caption\":\"Ronald Perek\"},\"sameAs\":[\"http:\\\/\\\/wp.perek.it\"],\"url\":\"https:\\\/\\\/perek.it\\\/pl\\\/author\\\/ronperek\\\/\"}]}<\/script>\n<!-- \/ Yoast SEO plugin. -->","yoast_head_json":{"title":"Hamownia PEREK w TVN Turbo - PEREK","description":"Wizyta Grzegorza Dudy i ekipy TVN Turbo na hamowni PEREK.","robots":{"index":"index","follow":"follow","max-snippet":"max-snippet:-1","max-image-preview":"max-image-preview:large","max-video-preview":"max-video-preview:-1"},"canonical":"https:\/\/perek.it\/pl\/hamownia-perek-w-tvn-turbo\/","og_locale":"pl_PL","og_type":"article","og_title":"Hamownia PEREK w TVN Turbo - PEREK","og_description":"Wizyta Grzegorza Dudy i ekipy TVN Turbo na hamowni PEREK.","og_url":"https:\/\/perek.it\/pl\/hamownia-perek-w-tvn-turbo\/","og_site_name":"PEREK","article_published_time":"2020-08-18T14:50:56+00:00","article_modified_time":"2021-11-02T10:58:20+00:00","og_image":[{"width":2560,"height":1707,"url":"https:\/\/perek.it\/wp-content\/uploads\/2020\/08\/PEREK-hamownia-Grzegorz-Duda-TVN-TURBO-0005-scaled.jpg","type":"image\/jpeg"}],"author":"Ronald Perek","twitter_card":"summary_large_image","twitter_misc":{"Napisane przez":"Ronald Perek","Szacowany czas czytania":"2 minuty"},"schema":{"@context":"https:\/\/schema.org","@graph":[{"@type":"Article","@id":"https:\/\/perek.it\/pl\/hamownia-perek-w-tvn-turbo\/#article","isPartOf":{"@id":"https:\/\/perek.it\/pl\/hamownia-perek-w-tvn-turbo\/"},"author":{"name":"Ronald Perek","@id":"https:\/\/perek.it\/pl\/#\/schema\/person\/b23e557a9a1b2a51cbccd7136a5ea9dc"},"headline":"Hamownia PEREK w TVN Turbo","datePublished":"2020-08-18T14:50:56+00:00","dateModified":"2021-11-02T10:58:20+00:00","mainEntityOfPage":{"@id":"https:\/\/perek.it\/pl\/hamownia-perek-w-tvn-turbo\/"},"wordCount":111,"commentCount":0,"publisher":{"@id":"https:\/\/perek.it\/pl\/#organization"},"image":{"@id":"https:\/\/perek.it\/pl\/hamownia-perek-w-tvn-turbo\/#primaryimage"},"thumbnailUrl":"https:\/\/perek.it\/wp-content\/uploads\/2020\/08\/PEREK-hamownia-Grzegorz-Duda-TVN-TURBO-0005-scaled.jpg","articleSection":["Blog"],"inLanguage":"pl-PL"},{"@type":"WebPage","@id":"https:\/\/perek.it\/pl\/hamownia-perek-w-tvn-turbo\/","url":"https:\/\/perek.it\/pl\/hamownia-perek-w-tvn-turbo\/","name":"Hamownia PEREK w TVN Turbo - PEREK","isPartOf":{"@id":"https:\/\/perek.it\/pl\/#website"},"primaryImageOfPage":{"@id":"https:\/\/perek.it\/pl\/hamownia-perek-w-tvn-turbo\/#primaryimage"},"image":{"@id":"https:\/\/perek.it\/pl\/hamownia-perek-w-tvn-turbo\/#primaryimage"},"thumbnailUrl":"https:\/\/perek.it\/wp-content\/uploads\/2020\/08\/PEREK-hamownia-Grzegorz-Duda-TVN-TURBO-0005-scaled.jpg","datePublished":"2020-08-18T14:50:56+00:00","dateModified":"2021-11-02T10:58:20+00:00","description":"Wizyta Grzegorza Dudy i ekipy TVN Turbo na hamowni PEREK.","breadcrumb":{"@id":"https:\/\/perek.it\/pl\/hamownia-perek-w-tvn-turbo\/#breadcrumb"},"inLanguage":"pl-PL","potentialAction":[{"@type":"ReadAction","target":["https:\/\/perek.it\/pl\/hamownia-perek-w-tvn-turbo\/"]}]},{"@type":"ImageObject","inLanguage":"pl-PL","@id":"https:\/\/perek.it\/pl\/hamownia-perek-w-tvn-turbo\/#primaryimage","url":"https:\/\/perek.it\/wp-content\/uploads\/2020\/08\/PEREK-hamownia-Grzegorz-Duda-TVN-TURBO-0005-scaled.jpg","contentUrl":"https:\/\/perek.it\/wp-content\/uploads\/2020\/08\/PEREK-hamownia-Grzegorz-Duda-TVN-TURBO-0005-scaled.jpg","width":2560,"height":1707,"caption":"Mini Grzegorza Dudy na hamowni PEREK"},{"@type":"BreadcrumbList","@id":"https:\/\/perek.it\/pl\/hamownia-perek-w-tvn-turbo\/#breadcrumb","itemListElement":[{"@type":"ListItem","position":1,"name":"Home","item":"https:\/\/perek.it\/pl\/"},{"@type":"ListItem","position":2,"name":"Hamownia PEREK w TVN Turbo"}]},{"@type":"WebSite","@id":"https:\/\/perek.it\/pl\/#website","url":"https:\/\/perek.it\/pl\/","name":"PEREK","description":"Sterowniki hamowni i akcesoria","publisher":{"@id":"https:\/\/perek.it\/pl\/#organization"},"potentialAction":[{"@type":"SearchAction","target":{"@type":"EntryPoint","urlTemplate":"https:\/\/perek.it\/pl\/?s={search_term_string}"},"query-input":{"@type":"PropertyValueSpecification","valueRequired":true,"valueName":"search_term_string"}}],"inLanguage":"pl-PL"},{"@type":"Organization","@id":"https:\/\/perek.it\/pl\/#organization","name":"PEREK","url":"https:\/\/perek.it\/pl\/","logo":{"@type":"ImageObject","inLanguage":"pl-PL","@id":"https:\/\/perek.it\/pl\/#\/schema\/logo\/image\/","url":"https:\/\/perek.it\/wp-content\/uploads\/2021\/07\/perek-logo-white.png","contentUrl":"https:\/\/perek.it\/wp-content\/uploads\/2021\/07\/perek-logo-white.png","width":962,"height":207,"caption":"PEREK"},"image":{"@id":"https:\/\/perek.it\/pl\/#\/schema\/logo\/image\/"}},{"@type":"Person","@id":"https:\/\/perek.it\/pl\/#\/schema\/person\/b23e557a9a1b2a51cbccd7136a5ea9dc","name":"Ronald Perek","image":{"@type":"ImageObject","inLanguage":"pl-PL","@id":"\/\/perek.it\/wp-content\/uploads\/wpforo\/avatars\/ronperek_1.png","url":"\/\/perek.it\/wp-content\/uploads\/wpforo\/avatars\/ronperek_1.png","contentUrl":"\/\/perek.it\/wp-content\/uploads\/wpforo\/avatars\/ronperek_1.png","caption":"Ronald Perek"},"sameAs":["http:\/\/wp.perek.it"],"url":"https:\/\/perek.it\/pl\/author\/ronperek\/"}]}},"_links":{"self":[{"href":"https:\/\/perek.it\/pl\/wp-json\/wp\/v2\/posts\/115","targetHints":{"allow":["GET"]}}],"collection":[{"href":"https:\/\/perek.it\/pl\/wp-json\/wp\/v2\/posts"}],"about":[{"href":"https:\/\/perek.it\/pl\/wp-json\/wp\/v2\/types\/post"}],"author":[{"embeddable":true,"href":"https:\/\/perek.it\/pl\/wp-json\/wp\/v2\/users\/1"}],"replies":[{"embeddable":true,"href":"https:\/\/perek.it\/pl\/wp-json\/wp\/v2\/comments?post=115"}],"version-history":[{"count":0,"href":"https:\/\/perek.it\/pl\/wp-json\/wp\/v2\/posts\/115\/revisions"}],"wp:featuredmedia":[{"embeddable":true,"href":"https:\/\/perek.it\/pl\/wp-json\/wp\/v2\/media\/125"}],"wp:attachment":[{"href":"https:\/\/perek.it\/pl\/wp-json\/wp\/v2\/media?parent=115"}],"wp:term":[{"taxonomy":"category","embeddable":true,"href":"https:\/\/perek.it\/pl\/wp-json\/wp\/v2\/categories?post=115"},{"taxonomy":"post_tag","embeddable":true,"href":"https:\/\/perek.it\/pl\/wp-json\/wp\/v2\/tags?post=115"}],"curies":[{"name":"wp","href":"https:\/\/api.w.org\/{rel}","templated":true}]}}